{"id":2022,"date":"2025-01-17T11:02:23","date_gmt":"2025-01-17T10:02:23","guid":{"rendered":"https:\/\/antifabonn.noblogs.org\/?p=2022"},"modified":"2025-01-17T11:02:25","modified_gmt":"2025-01-17T10:02:25","slug":"auf-ein-antifaschistisches-2025","status":"publish","type":"post","link":"https:\/\/antifabonn.noblogs.org\/?p=2022","title":{"rendered":"Auf ein antifaschistisches 2025"},"content":{"rendered":"\n<p>Gute Vors\u00e4tze in die Praxis umsetzen:<br>Auch 2025 stellen wir uns der menschenfeindlichen Politik der AfD entgegen! \ud83c\udf86<\/p>\n\n\n\n<p>Das bedeutet f\u00fcr uns auch:<br>\u274c Keinen Frieden mit denen sich der AfD willig als Steigb\u00fcgelhalter anbiedernden CDU, FDP, BSW und anderen rechten Fans.<br>\u274c Keinen Frieden mit einer Politik des vorauseilenden Gehorsams gegen\u00fcber dem gesellschaftlichen Rechtsruck. Der soziale Kahlschlag und die rassistischen Grenzregime (GEAS im gro\u00dfen Stil) von SPD und Gr\u00fcnen befeuern eben jenen Rechtsruck, vor dem sie vorgeben, buckeln zu m\u00fcssen.<\/p>\n\n\n\n<p>Nationalismus ist keine Alternative!<\/p>\n\n\n\n<p>Der Multikrise und allt\u00e4glichen Gesamtschei\u00dfe zum Trotz:<br>Auf ein stabil antifaschistisches 2025 \ud83e\udd1d<\/p>\n","protected":false},"excerpt":{"rendered":"<p>Gute Vors\u00e4tze in die Praxis umsetzen:Auch 2025 stellen wir uns der menschenfeindlichen Politik der AfD entgegen! \ud83c\udf86 Das bedeutet f\u00fcr uns auch:\u274c Keinen Frieden mit denen sich der AfD willig&hellip; <\/p>\n","protected":false},"author":14418,"featured_media":2030,"comment_status":"closed","ping_status":"closed","sticky":false,"template":"","format":"standard","meta":{"footnotes":""},"categories":[1],"tags":[],"class_list":["post-2022","post","type-post","status-publish","format-standard","has-post-thumbnail","hentry","category-general"],"_links":{"self":[{"href":"https:\/\/antifabonn.noblogs.org\/index.php?rest_route=\/wp\/v2\/posts\/2022","targetHints":{"allow":["GET"]}}],"collection":[{"href":"https:\/\/antifabonn.noblogs.org\/index.php?rest_route=\/wp\/v2\/posts"}],"about":[{"href":"https:\/\/antifabonn.noblogs.org\/index.php?rest_route=\/wp\/v2\/types\/post"}],"author":[{"embeddable":true,"href":"https:\/\/antifabonn.noblogs.org\/index.php?rest_route=\/wp\/v2\/users\/14418"}],"replies":[{"embeddable":true,"href":"https:\/\/antifabonn.noblogs.org\/index.php?rest_route=%2Fwp%2Fv2%2Fcomments&post=2022"}],"version-history":[{"count":1,"href":"https:\/\/antifabonn.noblogs.org\/index.php?rest_route=\/wp\/v2\/posts\/2022\/revisions"}],"predecessor-version":[{"id":2032,"href":"https:\/\/antifabonn.noblogs.org\/index.php?rest_route=\/wp\/v2\/posts\/2022\/revisions\/2032"}],"wp:featuredmedia":[{"embeddable":true,"href":"https:\/\/antifabonn.noblogs.org\/index.php?rest_route=\/wp\/v2\/media\/2030"}],"wp:attachment":[{"href":"https:\/\/antifabonn.noblogs.org\/index.php?rest_route=%2Fwp%2Fv2%2Fmedia&parent=2022"}],"wp:term":[{"taxonomy":"category","embeddable":true,"href":"https:\/\/antifabonn.noblogs.org\/index.php?rest_route=%2Fwp%2Fv2%2Fcategories&post=2022"},{"taxonomy":"post_tag","embeddable":true,"href":"https:\/\/antifabonn.noblogs.org\/index.php?rest_route=%2Fwp%2Fv2%2Ftags&post=2022"}],"curies":[{"name":"wp","href":"https:\/\/api.w.org\/{rel}","templated":true}]}}